{"id":12,"date":"2013-09-03T19:48:03","date_gmt":"2013-09-03T19:48:03","guid":{"rendered":"http:\/\/saldirim.com\/yeni\/?p=12"},"modified":"2025-05-15T13:50:26","modified_gmt":"2025-05-15T10:50:26","slug":"sayi-4-temmuz-2002","status":"publish","type":"post","link":"https:\/\/saldirim.com\/yeni\/?p=12","title":{"rendered":"Say\u0131: 4, Temmuz 2002"},"content":{"rendered":"<p>Ge\u00e7en say\u0131daki yaz\u0131m\u0131zda eski h\u00fck\u00fcml\u00fclere tan\u0131nan haklar, onlar\u0131n i\u015fe yerle\u015ftirilmeleri, ayn\u00ee ve nakd\u00ee olarak hangi \u015fartlar alt\u0131nda yard\u0131m alabilecekleri ve Genel M\u00fcd\u00fcrl\u00fc\u011f\u00fcm\u00fcz\u00fcn bu konudaki \u00e7al\u0131\u015fmalar\u0131 hakk\u0131nda a\u00e7\u0131klamalarda bulunmu\u015ftuk. Yaz\u0131m\u0131z\u0131n ikinci ve son b\u00f6l\u00fcm\u00fcnde ise bu haklar\u0131n kullan\u0131lmas\u0131nda eski h\u00fck\u00fcml\u00fclerin dikkat etmeleri gereken hususlarla ilgili bilgiler verilecektir.<br \/>\nEski h\u00fck\u00fcml\u00fcler bu (eski h\u00fck\u00fcml\u00fc) s\u0131fatlar\u0131 nedeniyle i\u015f bulmakta ve bulduklar\u0131 i\u015flere uyum sa\u011flamakta zorluk \u00e7ekmektedirler. Bu ki\u015filerin eski h\u00fck\u00fcml\u00fcl\u00fck d\u0131\u015f\u0131nda sosyal ve hukuk\u00ee nitelikte ba\u015fka engelleri oldu\u011fu i\u00e7in \u00f6zel hukuksal y\u00f6ntem ve kurumlarla korunmalar\u0131 gerekir. Daha a\u00e7\u0131k bir anlat\u0131mla eski h\u00fck\u00fcml\u00fclere tan\u0131nan olanaklar bir ayr\u0131cal\u0131k olmay\u0131p, aleyhlerine olan sosyal ve hukuk\u00ee durumu dengeleme amac\u0131 ta\u015f\u0131rlar. Toplumun da eski h\u00fck\u00fcml\u00fclerin de bu bilin\u00e7te olmas\u0131 gerekmektedir.<br \/>\n\u0130\u015fe yerle\u015ftirme a\u00e7\u0131s\u0131ndan eski h\u00fck\u00fcml\u00fclerin durumuna bak\u0131ld\u0131\u011f\u0131nda baz\u0131lar\u0131n\u0131n yaln\u0131zca kamu sekt\u00f6r\u00fcne ait i\u015fyerlerinde \u00e7al\u0131\u015fmak istedikleri g\u00f6zlemlenmektedir. T\u00fcrkiye \u0130\u015f Kurumu \u0130l M\u00fcd\u00fcrl\u00fcklerinin \u00f6zel sekt\u00f6re ait i\u015fyerlerine g\u00f6nderdi\u011fi baz\u0131 eski h\u00fck\u00fcml\u00fcler,\u00a0 bu i\u015fyerlerinin i\u015f g\u00fcvencesinden yoksun olmas\u0131n\u0131 veya asgar\u00ee \u00fccret verildi\u011fini gerek\u00e7e g\u00f6stererek \u00e7al\u0131\u015fmak istememektedirler. Bu durum \u00e7o\u011funlukla aleyhlerine olmakta ve i\u015fe yerle\u015ftirilmeye ili\u015fkin hukuksal haklar\u0131n\u0131n kayb\u0131na neden olmaktad\u0131r. Kamu i\u015fyerlerindeki eski h\u00fck\u00fcml\u00fc kadrolar\u0131n\u0131n \u00e7o\u011funlukla dolu olmas\u0131, i\u015f\u00e7i al\u0131m\u0131 yap\u0131l\u0131rken d\u00fczenlenen s\u0131nava \u00e7ok say\u0131da eski h\u00fck\u00fcml\u00fcn\u00fcn kat\u0131lmas\u0131 veya i\u015fverenin arad\u0131\u011f\u0131 niteliklerin bulunmamas\u0131\u00a0\u00a0\u00a0\u00a0 gibi nedenlerle istihdamlar\u0131 m\u00fcmk\u00fcn olmamakta, uzun s\u00fcre i\u015fsiz kalmaktad\u0131rlar.<br \/>\nEski H\u00fck\u00fcml\u00fclerin \u0130stihdam\u0131 Hakk\u0131nda T\u00fcz\u00fck\u2019\u00fcn 16. maddesine g\u00f6re \u201cKuruma (T\u00fcrkiye \u0130\u015f Kurumuna) eski h\u00fck\u00fcml\u00fc olarak kaydolanlar, son i\u015flem tarihinden ba\u015flayarak iki y\u0131l s\u00fcreyle, bu T\u00fcz\u00fck h\u00fck\u00fcmlerine g\u00f6re i\u015fleme tabi tutulurlar. \u0130ki y\u0131ll\u0131k s\u00fcrenin dolmas\u0131 nedeniyle eski h\u00fck\u00fcml\u00fcn\u00fcn kapsam d\u0131\u015f\u0131 kalmas\u0131, ge\u00e7erli \u00f6zr\u00fc olmaks\u0131z\u0131n i\u015f \u00e7a\u011fr\u0131s\u0131na iki kez uymamas\u0131 veya g\u00f6nderildi\u011fi i\u015fyeri ile ili\u015fki kurmamas\u0131 h\u00e2linde Kurumdaki sicil kartlar\u0131 y\u00fcr\u00fcrl\u00fckten kald\u0131r\u0131l\u0131r.\u201d Bu h\u00fckme g\u00f6re eski h\u00fck\u00fcml\u00fclerin i\u015fe yerle\u015ftirilme haklar\u0131n\u0131 koruyup devam ettirebilmeleri i\u00e7in, her i\u015f davetine gitmeleri zorunludur. \u00c7al\u0131\u015f\u0131rken ba\u015fka bir i\u015fyerine ge\u00e7me imk\u00e2n\u0131 her zaman mevcut oldu\u011fundan, \u00f6zel sekt\u00f6rde verilen i\u015flerin kabul edilmesi kendileri a\u00e7\u0131s\u0131ndan daha yararl\u0131d\u0131r.<br \/>\nCeza \u0130nfaz Kurumlar\u0131 ile Tutukevleri \u0130\u015fyurtlar\u0131 Kurumunun Kurulu\u015f ve \u0130daresine \u0130li\u015fkin Kanun\u2019un 1. maddesinde \u0130\u015fyurtlar\u0131n\u0131n amac\u0131, \u201cH\u00fck\u00fcml\u00fc ve tutuklular\u0131n meslek ve sanatlar\u0131n\u0131n korunup geli\u015ftirilmesi veya bir meslek ve sanat \u00f6\u011frenmeleri &#8230;\u201d olarak tan\u0131mlanm\u0131\u015ft\u0131r. Ayr\u0131ca kurumlar\u0131m\u0131zda \u00e7e\u015fitli meslek edindirme kurslar\u0131 a\u00e7\u0131lmakta ve ba\u015far\u0131l\u0131 olan ki\u015filere sertifika verilmektedir.<br \/>\n\u0130\u015fyurtlar\u0131n\u0131n ve meslek edindirme kurslar\u0131n\u0131n temel ama\u00e7lar\u0131ndan biri de kurumdaki ki\u015filerin bo\u015f zamanlar\u0131n\u0131n de\u011ferlendirilmesinin yan\u0131s\u0131ra bir meslek ve sanat \u00f6\u011frenerek tahliye sonras\u0131nda daha kolay i\u015f bulmalar\u0131na yard\u0131mc\u0131 olmakt\u0131r. Kurumlar\u0131m\u0131zdaki ki\u015filerin de bu bilin\u00e7le hareket ederek \u0130\u015fyurtlar\u0131nda \u00e7al\u0131\u015fmalar\u0131 ve meslek edindirme kurslar\u0131na kat\u0131lmalar\u0131, bu y\u00f6nde cezaevi idaresinden talepte bulunarak onlar\u0131 y\u00f6nlendirmeleri yararlar\u0131na olacakt\u0131r.<br \/>\nSonu\u00e7 olarak eski h\u00fck\u00fcml\u00fclere tan\u0131nan haklar\u0131n bir ayr\u0131cal\u0131k olmad\u0131\u011f\u0131n\u0131n hem toplum hem de eski h\u00fck\u00fcml\u00fcler taraf\u0131ndan bilinmesi gerekir. Topluma d\u00fc\u015fen g\u00f6rev bir ki\u015finin cezas\u0131n\u0131 \u00e7ektikten sonra su\u00e7u ne olursa olsun ona di\u011fer insanlardan farkl\u0131 davranmamas\u0131d\u0131r. Tahliye olan ki\u015filer de kendilerine tan\u0131nan haklar\u0131n t\u00e2bi oldu\u011fu \u015fartlara uymal\u0131, i\u015f konusunda \u00e7ok se\u00e7ici davranmamal\u0131 ve meslek e\u011fitimi konusunda kendilerine tan\u0131nan olanaklardan yararlanmak i\u00e7in \u00e7aba g\u00f6stermelidirler. Onlar\u0131n da i\u015fe yerele\u015ftirilmeyi bir ayr\u0131cal\u0131k olarak de\u011fil, toplumla kayna\u015fmak ve \u00f6zg\u00fcrce ya\u015famak i\u00e7in bir \u015fans olarak g\u00f6rmeleri ve bu f\u0131rsat\u0131 iyi de\u011ferlendirmeleri gerekir.<\/p>\n","protected":false},"excerpt":{"rendered":"<p>Ge\u00e7en say\u0131daki yaz\u0131m\u0131zda eski h\u00fck\u00fcml\u00fclere tan\u0131nan haklar, onlar\u0131n i\u015fe yerle\u015ftirilmeleri, ayn\u00ee ve nakd\u00ee olarak hangi \u015fartlar alt\u0131nda yard\u0131m alabilecekleri ve Genel M\u00fcd\u00fcrl\u00fc\u011f\u00fcm\u00fcz\u00fcn bu konudaki \u00e7al\u0131\u015fmalar\u0131 hakk\u0131nda a\u00e7\u0131klamalarda bulunmu\u015ftuk. Yaz\u0131m\u0131z\u0131n ikinci ve son b\u00f6l\u00fcm\u00fcnde ise bu haklar\u0131n kullan\u0131lmas\u0131nda eski h\u00fck\u00fcml\u00fclerin dikkat etmeleri gereken hususlarla ilgili bilgiler verilecektir. Eski h\u00fck\u00fcml\u00fcler bu (eski h\u00fck\u00fcml\u00fc) s\u0131fatlar\u0131 nedeniyle i\u015f bulmakta&#8230;<\/p>\n<p class=\"more-link-wrap\"><a href=\"https:\/\/saldirim.com\/yeni\/?p=12\" class=\"more-link\">Devam\u0131n\u0131 Oku<span class=\"screen-reader-text\"> &ldquo;Say\u0131: 4, Temmuz 2002&rdquo;<\/span> &raquo;<\/a><\/p>\n","protected":false},"author":1,"featured_media":0,"comment_status":"open","ping_status":"open","sticky":false,"template":"","format":"standard","meta":{"footnotes":""},"categories":[2],"tags":[],"class_list":["post-12","post","type-post","status-publish","format-standard","hentry","category-makaleler"],"_links":{"self":[{"href":"https:\/\/saldirim.com\/yeni\/index.php?rest_route=\/wp\/v2\/posts\/12","targetHints":{"allow":["GET"]}}],"collection":[{"href":"https:\/\/saldirim.com\/yeni\/index.php?rest_route=\/wp\/v2\/posts"}],"about":[{"href":"https:\/\/saldirim.com\/yeni\/index.php?rest_route=\/wp\/v2\/types\/post"}],"author":[{"embeddable":true,"href":"https:\/\/saldirim.com\/yeni\/index.php?rest_route=\/wp\/v2\/users\/1"}],"replies":[{"embeddable":true,"href":"https:\/\/saldirim.com\/yeni\/index.php?rest_route=%2Fwp%2Fv2%2Fcomments&post=12"}],"version-history":[{"count":1,"href":"https:\/\/saldirim.com\/yeni\/index.php?rest_route=\/wp\/v2\/posts\/12\/revisions"}],"predecessor-version":[{"id":13,"href":"https:\/\/saldirim.com\/yeni\/index.php?rest_route=\/wp\/v2\/posts\/12\/revisions\/13"}],"wp:attachment":[{"href":"https:\/\/saldirim.com\/yeni\/index.php?rest_route=%2Fwp%2Fv2%2Fmedia&parent=12"}],"wp:term":[{"taxonomy":"category","embeddable":true,"href":"https:\/\/saldirim.com\/yeni\/index.php?rest_route=%2Fwp%2Fv2%2Fcategories&post=12"},{"taxonomy":"post_tag","embeddable":true,"href":"https:\/\/saldirim.com\/yeni\/index.php?rest_route=%2Fwp%2Fv2%2Ftags&post=12"}],"curies":[{"name":"wp","href":"https:\/\/api.w.org\/{rel}","templated":true}]}}